{"id":800,"date":"2020-06-08T17:46:16","date_gmt":"2020-06-08T17:46:16","guid":{"rendered":"https:\/\/www.grupoarchiverosmm.es\/?p=800"},"modified":"2020-06-08T17:50:27","modified_gmt":"2020-06-08T17:50:27","slug":"dia-internacional-de-los-archivos-archivo-municipal-de-leganes","status":"publish","type":"post","link":"https:\/\/www.grupoarchiverosmm.es\/?p=800","title":{"rendered":"D\u00eda Internacional de los Archivos &#8211; Archivo Municipal de Legan\u00e9s"},"content":{"rendered":"\n<div class=\"wp-block-image\"><figure class=\"aligncenter\"><img loading=\"lazy\" decoding=\"async\" width=\"391\" height=\"172\" src=\"https:\/\/www.https:\/\/www.grupoarchiverosmm.es\/\/wp-content\/uploads\/2020\/06\/Portal-GAdE-Actualidad-\u2013-Archivo-Google-Chrome.jpg\" alt=\"\" class=\"wp-image-801\" srcset=\"https:\/\/www.grupoarchiverosmm.es\/wp-content\/uploads\/2020\/06\/Portal-GAdE-Actualidad-\u2013-Archivo-Google-Chrome.jpg 391w, https:\/\/www.grupoarchiverosmm.es\/wp-content\/uploads\/2020\/06\/Portal-GAdE-Actualidad-\u2013-Archivo-Google-Chrome-300x132.jpg 300w\" sizes=\"auto, (max-width: 391px) 100vw, 391px\" \/><\/figure><\/div>\n\n\n\n<p>\n\nMa\u00f1ana es el <a href=\"https:\/\/twitter.com\/hashtag\/D%C3%ADaInternacialDeLosArchivos?src=hashtag_click\">#D\u00edaInternacialDeLosArchivos<\/a> para poner en valor la funci\u00f3n de <a href=\"https:\/\/twitter.com\/hashtag\/MemoriaViva?src=hashtag_click\">#MemoriaViva<\/a> que desempe\u00f1an.\nNada mejor para celebrarlo que un nuevo v\u00eddeo de la <a href=\"https:\/\/twitter.com\/hashtag\/MemoriaGr%C3%A1ficadelConfinamiento?src=hashtag_click\">#MemoriaGr\u00e1ficadelConfinamiento<\/a>.\nGracias a <a href=\"https:\/\/twitter.com\/hashtag\/Legan%C3%A9s?src=hashtag_click\">#Legan\u00e9s<\/a> por preservar para el futuro.\nVisitarnos en <a href=\"https:\/\/t.co\/4KtceiwQYW?amp=1\" target=\"_blank\" rel=\"noreferrer noopener\">http:\/\/leganes.org\/archivo<\/a><\/p>\n","protected":false},"excerpt":{"rendered":"<p>Ma\u00f1ana es el #D\u00edaInternacialDeLosArchivos para poner en valor la funci\u00f3n de #MemoriaViva que desempe\u00f1an. Nada mejor para celebrarlo que un nuevo v\u00eddeo de la #MemoriaGr\u00e1ficadelConfinamiento. Gracias a #Legan\u00e9s por preservar para el futuro. Visitarnos&#46;&#46;&#46;<\/p>\n","protected":false},"author":1,"featured_media":801,"comment_status":"open","ping_status":"open","sticky":false,"template":"","format":"standard","meta":{"_bluesky_dont_syndicate":"","_bluesky_syndication_accounts":"","_bluesky_syndication_text":"","footnotes":""},"categories":[3],"tags":[],"class_list":["post-800","post","type-post","status-publish","format-standard","has-post-thumbnail","hentry","category-que-hacemos"],"_links":{"self":[{"href":"https:\/\/www.grupoarchiverosmm.es\/index.php?rest_route=\/wp\/v2\/posts\/800","targetHints":{"allow":["GET"]}}],"collection":[{"href":"https:\/\/www.grupoarchiverosmm.es\/index.php?rest_route=\/wp\/v2\/posts"}],"about":[{"href":"https:\/\/www.grupoarchiverosmm.es\/index.php?rest_route=\/wp\/v2\/types\/post"}],"author":[{"embeddable":true,"href":"https:\/\/www.grupoarchiverosmm.es\/index.php?rest_route=\/wp\/v2\/users\/1"}],"replies":[{"embeddable":true,"href":"https:\/\/www.grupoarchiverosmm.es\/index.php?rest_route=%2Fwp%2Fv2%2Fcomments&post=800"}],"version-history":[{"count":1,"href":"https:\/\/www.grupoarchiverosmm.es\/index.php?rest_route=\/wp\/v2\/posts\/800\/revisions"}],"predecessor-version":[{"id":802,"href":"https:\/\/www.grupoarchiverosmm.es\/index.php?rest_route=\/wp\/v2\/posts\/800\/revisions\/802"}],"wp:featuredmedia":[{"embeddable":true,"href":"https:\/\/www.grupoarchiverosmm.es\/index.php?rest_route=\/wp\/v2\/media\/801"}],"wp:attachment":[{"href":"https:\/\/www.grupoarchiverosmm.es\/index.php?rest_route=%2Fwp%2Fv2%2Fmedia&parent=800"}],"wp:term":[{"taxonomy":"category","embeddable":true,"href":"https:\/\/www.grupoarchiverosmm.es\/index.php?rest_route=%2Fwp%2Fv2%2Fcategories&post=800"},{"taxonomy":"post_tag","embeddable":true,"href":"https:\/\/www.grupoarchiverosmm.es\/index.php?rest_route=%2Fwp%2Fv2%2Ftags&post=800"}],"curies":[{"name":"wp","href":"https:\/\/api.w.org\/{rel}","templated":true}]}}