{"id":574,"date":"2020-04-22T06:47:48","date_gmt":"2020-04-22T06:47:48","guid":{"rendered":"https:\/\/www.grupoarchiverosmm.es\/?p=574"},"modified":"2020-06-13T12:54:06","modified_gmt":"2020-06-13T12:54:06","slug":"los-vecinos-de-leganes-celebraran-el-dia-del-libro-enviando-a-las-bibliotecas-sus-fotografias-leyendo","status":"publish","type":"post","link":"https:\/\/www.grupoarchiverosmm.es\/?p=574","title":{"rendered":"Los vecinos de Legan\u00e9s celebrar\u00e1n el D\u00eda del Libro enviando a las bibliotecas sus fotograf\u00edas leyendo &#8211; Archivo Municipal de Legan\u00e9s"},"content":{"rendered":"\n<div class=\"wp-block-image\"><figure class=\"aligncenter\"><img loading=\"lazy\" decoding=\"async\" width=\"453\" height=\"656\" src=\"https:\/\/www.https:\/\/www.grupoarchiverosmm.es\/\/wp-content\/uploads\/2020\/04\/WhatsApp-Google-Chrome-2.jpg\" alt=\"\" class=\"wp-image-575\" srcset=\"https:\/\/www.grupoarchiverosmm.es\/wp-content\/uploads\/2020\/04\/WhatsApp-Google-Chrome-2.jpg 453w, https:\/\/www.grupoarchiverosmm.es\/wp-content\/uploads\/2020\/04\/WhatsApp-Google-Chrome-2-207x300.jpg 207w\" sizes=\"auto, (max-width: 453px) 100vw, 453px\" \/><\/figure><\/div>\n\n\n\n<p>El D\u00eda del Libro se celebra ma\u00f1ana, jueves 23 de abril&nbsp; y, como el resto de eventos que corresponder\u00eda celebrar estos meses y dado el periodo de alarma, esta vez habr\u00e1 que hacerlo desde casa.<\/p>\n\n\n\n<p>Puesto que leer es una de las actividades m\u00e1s populares durante el confinamiento, el Ayuntamiento de Legan\u00e9s propone a los vecinos que env\u00eden sus fotograf\u00edas con un libro a las bibliotecas de la ciudad v\u00eda e-mail, y \u00e9stas ser\u00e1n publicadas en un blog com\u00fan que dar\u00e1 testimonio del inter\u00e9s lector de todos ellos.<\/p>\n\n\n\n<p>Cada a\u00f1o, Legan\u00e9s ha acogido su propia Feria del Libro y ha animado a visitar las librer\u00edas y bibliotecas con las que cuenta la localidad. Por estas fechas, de hecho, habr\u00eda de estar ya funcionando la nueva Biblioteca Central en el barrio de Legan\u00e9s Norte. Apertura controvertida, por otro lado, dado el retraso en la inauguraci\u00f3n que a\u00fan no se ha dado.<\/p>\n\n\n\n<p> Publicado Por&nbsp;<a href=\"https:\/\/lgnnoticias.es\/author\/almudena\/\">Almudena Jim\u00e9nez<\/a>&nbsp;on 22 &#8211; Abr &#8211; 2020 <\/p>\n\n\n\n<div class=\"wp-block-button alignright\"><a class=\"wp-block-button__link\" href=\"https:\/\/lgnnoticias.es\/los-vecinos-de-leganes-celebraran-el-dia-del-libro-enviando-a-las-bibliotecas-sus-fotografias-leyendo\/\">Enlace<\/a><\/div>\n","protected":false},"excerpt":{"rendered":"<p>El D\u00eda del Libro se celebra ma\u00f1ana, jueves 23 de abril&nbsp; y, como el resto de eventos que corresponder\u00eda celebrar estos meses y dado el periodo de alarma, esta vez habr\u00e1 que hacerlo desde&#46;&#46;&#46;<\/p>\n","protected":false},"author":1,"featured_media":575,"comment_status":"open","ping_status":"open","sticky":false,"template":"","format":"standard","meta":{"_bluesky_dont_syndicate":"","_bluesky_syndication_accounts":"","_bluesky_syndication_text":"","footnotes":""},"categories":[3],"tags":[],"class_list":["post-574","post","type-post","status-publish","format-standard","has-post-thumbnail","hentry","category-que-hacemos"],"_links":{"self":[{"href":"https:\/\/www.grupoarchiverosmm.es\/index.php?rest_route=\/wp\/v2\/posts\/574","targetHints":{"allow":["GET"]}}],"collection":[{"href":"https:\/\/www.grupoarchiverosmm.es\/index.php?rest_route=\/wp\/v2\/posts"}],"about":[{"href":"https:\/\/www.grupoarchiverosmm.es\/index.php?rest_route=\/wp\/v2\/types\/post"}],"author":[{"embeddable":true,"href":"https:\/\/www.grupoarchiverosmm.es\/index.php?rest_route=\/wp\/v2\/users\/1"}],"replies":[{"embeddable":true,"href":"https:\/\/www.grupoarchiverosmm.es\/index.php?rest_route=%2Fwp%2Fv2%2Fcomments&post=574"}],"version-history":[{"count":3,"href":"https:\/\/www.grupoarchiverosmm.es\/index.php?rest_route=\/wp\/v2\/posts\/574\/revisions"}],"predecessor-version":[{"id":891,"href":"https:\/\/www.grupoarchiverosmm.es\/index.php?rest_route=\/wp\/v2\/posts\/574\/revisions\/891"}],"wp:featuredmedia":[{"embeddable":true,"href":"https:\/\/www.grupoarchiverosmm.es\/index.php?rest_route=\/wp\/v2\/media\/575"}],"wp:attachment":[{"href":"https:\/\/www.grupoarchiverosmm.es\/index.php?rest_route=%2Fwp%2Fv2%2Fmedia&parent=574"}],"wp:term":[{"taxonomy":"category","embeddable":true,"href":"https:\/\/www.grupoarchiverosmm.es\/index.php?rest_route=%2Fwp%2Fv2%2Fcategories&post=574"},{"taxonomy":"post_tag","embeddable":true,"href":"https:\/\/www.grupoarchiverosmm.es\/index.php?rest_route=%2Fwp%2Fv2%2Ftags&post=574"}],"curies":[{"name":"wp","href":"https:\/\/api.w.org\/{rel}","templated":true}]}}