{"id":563,"date":"2016-09-01T18:29:11","date_gmt":"2016-09-01T18:29:11","guid":{"rendered":"https:\/\/www.grupoarchiverosmm.es\/?p=563"},"modified":"2020-04-22T18:37:08","modified_gmt":"2020-04-22T18:37:08","slug":"archivo-de-el-molar","status":"publish","type":"post","link":"https:\/\/www.grupoarchiverosmm.es\/?p=563","title":{"rendered":"Archivo de El Molar"},"content":{"rendered":"\n<div class=\"wp-block-image\"><figure class=\"aligncenter\"><img loading=\"lazy\" decoding=\"async\" width=\"421\" height=\"140\" src=\"https:\/\/www.https:\/\/www.grupoarchiverosmm.es\/\/wp-content\/uploads\/2020\/04\/Documento1-Word-Error-de-activaci\u00f3n-de-productos-1.jpg\" alt=\"\" class=\"wp-image-564\" srcset=\"https:\/\/www.grupoarchiverosmm.es\/wp-content\/uploads\/2020\/04\/Documento1-Word-Error-de-activaci\u00f3n-de-productos-1.jpg 421w, https:\/\/www.grupoarchiverosmm.es\/wp-content\/uploads\/2020\/04\/Documento1-Word-Error-de-activaci\u00f3n-de-productos-1-300x100.jpg 300w\" sizes=\"auto, (max-width: 421px) 100vw, 421px\" \/><\/figure><\/div>\n\n\n\n<p> Desde el pasado 20 de septiembre,&nbsp;El Molar cuenta con su&nbsp;<a href=\"http:\/\/archivoelmolar.gadedigital.com\/\">Portal del Archivo Municipal<\/a>, un portal din\u00e1mico encaminado a favorecer la participaci\u00f3n ciudadana. En dicho portal, se podr\u00e1n consultar Actas Plenarias, im\u00e1genes antiguas y poco a poco, a partir de la participaci\u00f3n de todos los ciudadanos que as\u00ed lo deseen, el archivo se ir\u00e1 nutriendo de los conocimientos y la historia de todos para crear un archivo participativo y visual, un archivo de todos y para todos. Para consultar el Portal del Archivo Municipal, visite el archivo.<\/p>\n\n\n\n<div class=\"wp-block-button alignright\"><a class=\"wp-block-button__link\" href=\"archivoelmolar.gadedigital.com\">Enlace<\/a><\/div>\n","protected":false},"excerpt":{"rendered":"<p>Desde el pasado 20 de septiembre,&nbsp;El Molar cuenta con su&nbsp;Portal del Archivo Municipal, un portal din\u00e1mico encaminado a favorecer la participaci\u00f3n ciudadana. En dicho portal, se podr\u00e1n consultar Actas Plenarias, im\u00e1genes antiguas y poco&#46;&#46;&#46;<\/p>\n","protected":false},"author":1,"featured_media":564,"comment_status":"open","ping_status":"open","sticky":false,"template":"","format":"standard","meta":{"_bluesky_dont_syndicate":"","_bluesky_syndication_accounts":"","_bluesky_syndication_text":"","footnotes":""},"categories":[4],"tags":[],"class_list":["post-563","post","type-post","status-publish","format-standard","has-post-thumbnail","hentry","category-archivos"],"_links":{"self":[{"href":"https:\/\/www.grupoarchiverosmm.es\/index.php?rest_route=\/wp\/v2\/posts\/563","targetHints":{"allow":["GET"]}}],"collection":[{"href":"https:\/\/www.grupoarchiverosmm.es\/index.php?rest_route=\/wp\/v2\/posts"}],"about":[{"href":"https:\/\/www.grupoarchiverosmm.es\/index.php?rest_route=\/wp\/v2\/types\/post"}],"author":[{"embeddable":true,"href":"https:\/\/www.grupoarchiverosmm.es\/index.php?rest_route=\/wp\/v2\/users\/1"}],"replies":[{"embeddable":true,"href":"https:\/\/www.grupoarchiverosmm.es\/index.php?rest_route=%2Fwp%2Fv2%2Fcomments&post=563"}],"version-history":[{"count":2,"href":"https:\/\/www.grupoarchiverosmm.es\/index.php?rest_route=\/wp\/v2\/posts\/563\/revisions"}],"predecessor-version":[{"id":566,"href":"https:\/\/www.grupoarchiverosmm.es\/index.php?rest_route=\/wp\/v2\/posts\/563\/revisions\/566"}],"wp:featuredmedia":[{"embeddable":true,"href":"https:\/\/www.grupoarchiverosmm.es\/index.php?rest_route=\/wp\/v2\/media\/564"}],"wp:attachment":[{"href":"https:\/\/www.grupoarchiverosmm.es\/index.php?rest_route=%2Fwp%2Fv2%2Fmedia&parent=563"}],"wp:term":[{"taxonomy":"category","embeddable":true,"href":"https:\/\/www.grupoarchiverosmm.es\/index.php?rest_route=%2Fwp%2Fv2%2Fcategories&post=563"},{"taxonomy":"post_tag","embeddable":true,"href":"https:\/\/www.grupoarchiverosmm.es\/index.php?rest_route=%2Fwp%2Fv2%2Ftags&post=563"}],"curies":[{"name":"wp","href":"https:\/\/api.w.org\/{rel}","templated":true}]}}