{"id":1790,"date":"2026-04-30T09:02:11","date_gmt":"2026-04-30T09:02:11","guid":{"rendered":"https:\/\/www.grupoarchiverosmm.es\/?p=1790"},"modified":"2026-04-30T09:08:34","modified_gmt":"2026-04-30T09:08:34","slug":"3-de-mayo-dia-de-la-madre-en-el-archivo-municipal-de-valdemoro","status":"publish","type":"post","link":"https:\/\/www.grupoarchiverosmm.es\/?p=1790","title":{"rendered":"3 de mayo: D\u00eda de la Madre en el Archivo Municipal de Valdemoro"},"content":{"rendered":"\n<p>Al finalizar la Guerra Civil el D\u00eda de la Madre comenz\u00f3 a celebrarse el 8 de diciembre, coincidiendo con la festividad de la Inmaculada Concepci\u00f3n, pero a partir de 1965 el homenaje a las madres se traslad\u00f3 al primer domingo de mayo y con motivo de esta efem\u00e9ride, el Archivo Municipal rinde su particular tributo al amor materno mediante una selecci\u00f3n de m\u00e1s de 40 fotograf\u00edas cedidas por vecinos y vecinas.<\/p>\n\n\n\n<p>Este es el enlace: <a href=\"https:\/\/www.valdemoro.es\/dia-de-la-madre\">https:\/\/www.valdemoro.es\/dia-de-la-madre<\/a><\/p>\n\n\n\n<figure class=\"wp-block-image size-full\"><img loading=\"lazy\" decoding=\"async\" width=\"832\" height=\"892\" src=\"https:\/\/www.grupoarchiverosmm.es\/wp-content\/uploads\/2026\/04\/image.png\" alt=\"\" class=\"wp-image-1791\" srcset=\"https:\/\/www.grupoarchiverosmm.es\/wp-content\/uploads\/2026\/04\/image.png 832w, https:\/\/www.grupoarchiverosmm.es\/wp-content\/uploads\/2026\/04\/image-280x300.png 280w, https:\/\/www.grupoarchiverosmm.es\/wp-content\/uploads\/2026\/04\/image-768x823.png 768w\" sizes=\"auto, (max-width: 832px) 100vw, 832px\" \/><\/figure>\n\n\n\n<p><\/p>\n","protected":false},"excerpt":{"rendered":"<p>Al finalizar la Guerra Civil el D\u00eda de la Madre comenz\u00f3 a celebrarse el 8 de diciembre, coincidiendo con la festividad de la Inmaculada Concepci\u00f3n, pero a partir de 1965 el homenaje a las&#46;&#46;&#46;<\/p>\n","protected":false},"author":1,"featured_media":1791,"comment_status":"open","ping_status":"open","sticky":false,"template":"","format":"standard","meta":{"_bluesky_dont_syndicate":"","_bluesky_syndication_accounts":"","_bluesky_syndication_text":"","footnotes":""},"categories":[4,5],"tags":[28,26],"class_list":["post-1790","post","type-post","status-publish","format-standard","has-post-thumbnail","hentry","category-archivos","category-noticias","tag-difusion","tag-rrss"],"_links":{"self":[{"href":"https:\/\/www.grupoarchiverosmm.es\/index.php?rest_route=\/wp\/v2\/posts\/1790","targetHints":{"allow":["GET"]}}],"collection":[{"href":"https:\/\/www.grupoarchiverosmm.es\/index.php?rest_route=\/wp\/v2\/posts"}],"about":[{"href":"https:\/\/www.grupoarchiverosmm.es\/index.php?rest_route=\/wp\/v2\/types\/post"}],"author":[{"embeddable":true,"href":"https:\/\/www.grupoarchiverosmm.es\/index.php?rest_route=\/wp\/v2\/users\/1"}],"replies":[{"embeddable":true,"href":"https:\/\/www.grupoarchiverosmm.es\/index.php?rest_route=%2Fwp%2Fv2%2Fcomments&post=1790"}],"version-history":[{"count":2,"href":"https:\/\/www.grupoarchiverosmm.es\/index.php?rest_route=\/wp\/v2\/posts\/1790\/revisions"}],"predecessor-version":[{"id":1793,"href":"https:\/\/www.grupoarchiverosmm.es\/index.php?rest_route=\/wp\/v2\/posts\/1790\/revisions\/1793"}],"wp:featuredmedia":[{"embeddable":true,"href":"https:\/\/www.grupoarchiverosmm.es\/index.php?rest_route=\/wp\/v2\/media\/1791"}],"wp:attachment":[{"href":"https:\/\/www.grupoarchiverosmm.es\/index.php?rest_route=%2Fwp%2Fv2%2Fmedia&parent=1790"}],"wp:term":[{"taxonomy":"category","embeddable":true,"href":"https:\/\/www.grupoarchiverosmm.es\/index.php?rest_route=%2Fwp%2Fv2%2Fcategories&post=1790"},{"taxonomy":"post_tag","embeddable":true,"href":"https:\/\/www.grupoarchiverosmm.es\/index.php?rest_route=%2Fwp%2Fv2%2Ftags&post=1790"}],"curies":[{"name":"wp","href":"https:\/\/api.w.org\/{rel}","templated":true}]}}