{"id":1721,"date":"2026-03-18T08:44:00","date_gmt":"2026-03-18T08:44:00","guid":{"rendered":"https:\/\/www.grupoarchiverosmm.es\/?p=1721"},"modified":"2026-03-19T11:47:15","modified_gmt":"2026-03-19T11:47:15","slug":"convocada-beca-de-investigacion-2026-archivo-de-villa-y-biblioteca-tecnica-del-ayuntamiento-de-madrid-se-puede-solicitar-hasta-el-23-de-marzo-de-2026","status":"publish","type":"post","link":"https:\/\/www.grupoarchiverosmm.es\/?p=1721","title":{"rendered":"Convocada beca de investigaci\u00f3n 2026: Archivo de Villa y biblioteca t\u00e9cnica del Ayuntamiento de Madrid. Se puede solicitar hasta el 23 de marzo de 2026."},"content":{"rendered":"\n<figure class=\"wp-block-image size-full is-style-default\"><img loading=\"lazy\" decoding=\"async\" width=\"330\" height=\"330\" src=\"https:\/\/www.grupoarchiverosmm.es\/wp-content\/uploads\/2026\/03\/FotoAytoPostal_330x330.jpg\" alt=\"\" class=\"wp-image-1722\" srcset=\"https:\/\/www.grupoarchiverosmm.es\/wp-content\/uploads\/2026\/03\/FotoAytoPostal_330x330.jpg 330w, https:\/\/www.grupoarchiverosmm.es\/wp-content\/uploads\/2026\/03\/FotoAytoPostal_330x330-300x300.jpg 300w, https:\/\/www.grupoarchiverosmm.es\/wp-content\/uploads\/2026\/03\/FotoAytoPostal_330x330-150x150.jpg 150w, https:\/\/www.grupoarchiverosmm.es\/wp-content\/uploads\/2026\/03\/FotoAytoPostal_330x330-80x80.jpg 80w, https:\/\/www.grupoarchiverosmm.es\/wp-content\/uploads\/2026\/03\/FotoAytoPostal_330x330-320x320.jpg 320w\" sizes=\"auto, (max-width: 330px) 100vw, 330px\" \/><\/figure>\n\n\n\n<p><\/p>\n\n\n\n<blockquote class=\"wp-block-quote is-layout-flow wp-block-quote-is-layout-flow\">\n<blockquote class=\"wp-block-quote is-layout-flow wp-block-quote-is-layout-flow\">\n<p>La&nbsp;<strong>Biblioteca T\u00e9cnica&nbsp;<\/strong>Municipal ofrece una nueva&nbsp;<strong>beca de investigaci\u00f3n<\/strong>&nbsp;destinada a estudiar en profundidad la&nbsp;<strong>transformaci\u00f3n de la estructura organizativa del Ayuntamiento de Madrid desde el inicio del periodo democr\u00e1tico hasta la actualidad<\/strong>. Este trabajo permitir\u00e1 enriquecer los recursos documentales municipales y facilitar a la ciudadan\u00eda una visi\u00f3n m\u00e1s completa de la evoluci\u00f3n del gobierno local.<\/p>\n\n\n\n<p>El proyecto se llevar\u00e1 a cabo en la&nbsp;<strong>Biblioteca T\u00e9cnica Municipal<\/strong>&nbsp;y en el<strong>&nbsp;Archivo de Villa<\/strong>, donde la persona seleccionada trabajar\u00e1 con documentaci\u00f3n hist\u00f3rica de especial relevancia para reconstruir la evoluci\u00f3n organizativa del Ayuntamiento de Madrid.<\/p>\n\n\n\n<p>Tras su publicaci\u00f3n en el BOCM del 2 de marzo de 2026, el&nbsp;<strong>plazo<\/strong>&nbsp;para presentar&nbsp;<strong>solicitudes<\/strong>&nbsp;se abre hoy,&nbsp;<strong>3 de marzo<\/strong>, y permanecer\u00e1 disponible&nbsp;<strong>hasta<\/strong>&nbsp;<strong>el d\u00eda 23<\/strong>&nbsp;de este mismo mes.<\/p>\n\n\n\n<p>Para consultar todos los detalles de la convocatoria, acceder al texto completo del decreto e iniciar el tr\u00e1mite de&nbsp;<strong>inscripci\u00f3n<\/strong>, puedes dirigirte al siguiente&nbsp;<a href=\"https:\/\/sede.madrid.es\/portal\/site\/tramites\/menuitem.62876cb64654a55e2dbd7003a8a409a0\/?vgnextoid=7c88a8c219315910VgnVCM2000001f4a900aRCRD&amp;vgnextchannel=d4968173cec9c410VgnVCM100000171f5a0aRCRD&amp;vgnextfmt=default\" target=\"_blank\" rel=\"noreferrer noopener\">enlace<\/a>&nbsp;y en la&nbsp;<strong>documentaci\u00f3n asociada&nbsp;<\/strong>m\u00e1s abajo.<\/p>\n\n\n\n<p><strong>Foto<\/strong>: Fragmento de la tarjeta postal&nbsp;<a href=\"https:\/\/www.memoriademadrid.es\/view\/349090\"><em>Plaza de la Villa y torre de los Lujanes<\/em><\/a>&nbsp;tomada de la Biblioteca digital memoriademadrid.<\/p>\n\n\n\n<p><a href=\"https:\/\/www.madrid.es\/portales\/munimadrid\/es\/Inicio\/Cultura-ocio-y-deporte\/Biblioteca-Tecnica\/?vgnextfmt=default&amp;vgnextoid=1830f43306e1d410VgnVCM1000000b205a0aRCRD&amp;vgnextchannel=7911f073808fe410VgnVCM2000000c205a0aRCRD&amp;idCapitulo=50243528\" target=\"_blank\" rel=\"noreferrer noopener\">Texto original<\/a><\/p>\n<\/blockquote>\n<\/blockquote>\n","protected":false},"excerpt":{"rendered":"","protected":false},"author":1,"featured_media":1722,"comment_status":"open","ping_status":"open","sticky":false,"template":"","format":"standard","meta":{"_bluesky_dont_syndicate":"","_bluesky_syndication_accounts":"","_bluesky_syndication_text":"","footnotes":""},"categories":[5,3],"tags":[17,26],"class_list":["post-1721","post","type-post","status-publish","format-standard","has-post-thumbnail","hentry","category-noticias","category-que-hacemos","tag-archivo","tag-rrss"],"_links":{"self":[{"href":"https:\/\/www.grupoarchiverosmm.es\/index.php?rest_route=\/wp\/v2\/posts\/1721","targetHints":{"allow":["GET"]}}],"collection":[{"href":"https:\/\/www.grupoarchiverosmm.es\/index.php?rest_route=\/wp\/v2\/posts"}],"about":[{"href":"https:\/\/www.grupoarchiverosmm.es\/index.php?rest_route=\/wp\/v2\/types\/post"}],"author":[{"embeddable":true,"href":"https:\/\/www.grupoarchiverosmm.es\/index.php?rest_route=\/wp\/v2\/users\/1"}],"replies":[{"embeddable":true,"href":"https:\/\/www.grupoarchiverosmm.es\/index.php?rest_route=%2Fwp%2Fv2%2Fcomments&post=1721"}],"version-history":[{"count":4,"href":"https:\/\/www.grupoarchiverosmm.es\/index.php?rest_route=\/wp\/v2\/posts\/1721\/revisions"}],"predecessor-version":[{"id":1745,"href":"https:\/\/www.grupoarchiverosmm.es\/index.php?rest_route=\/wp\/v2\/posts\/1721\/revisions\/1745"}],"wp:featuredmedia":[{"embeddable":true,"href":"https:\/\/www.grupoarchiverosmm.es\/index.php?rest_route=\/wp\/v2\/media\/1722"}],"wp:attachment":[{"href":"https:\/\/www.grupoarchiverosmm.es\/index.php?rest_route=%2Fwp%2Fv2%2Fmedia&parent=1721"}],"wp:term":[{"taxonomy":"category","embeddable":true,"href":"https:\/\/www.grupoarchiverosmm.es\/index.php?rest_route=%2Fwp%2Fv2%2Fcategories&post=1721"},{"taxonomy":"post_tag","embeddable":true,"href":"https:\/\/www.grupoarchiverosmm.es\/index.php?rest_route=%2Fwp%2Fv2%2Ftags&post=1721"}],"curies":[{"name":"wp","href":"https:\/\/api.w.org\/{rel}","templated":true}]}}