{"id":1711,"date":"2026-03-17T12:12:41","date_gmt":"2026-03-17T12:12:41","guid":{"rendered":"https:\/\/www.grupoarchiverosmm.es\/?p=1711"},"modified":"2026-03-17T12:12:42","modified_gmt":"2026-03-17T12:12:42","slug":"la-archivera-de-mostoles-ana-maria-torres-homenajeada-por-el-ayuntamiento-de-la-localidad","status":"publish","type":"post","link":"https:\/\/www.grupoarchiverosmm.es\/?p=1711","title":{"rendered":"La archivera de M\u00f3stoles, Ana Mar\u00eda Torres, homenajeada por el Ayuntamiento de la localidad"},"content":{"rendered":"\n<p>[<a href=\"https:\/\/www.mostoles.es\/es\/noticias\/ayuntamiento-mostoles-homenajea-diez-trabajadoras-municipal\" data-type=\"link\" data-id=\"https:\/\/www.mostoles.es\/es\/noticias\/ayuntamiento-mostoles-homenajea-diez-trabajadoras-municipal\" target=\"_blank\" rel=\"noreferrer noopener\">Texto original<\/a>]<\/p>\n\n\n\n<h2 class=\"wp-block-heading\" id=\"contentName\">El Ayuntamiento de M\u00f3stoles homenajea a diez trabajadoras municipales por su compromiso con la ciudad<\/h2>\n\n\n\n<p><strong>Las trabajadoras municipales han sido homenajeadas por su dedicaci\u00f3n hacia la ciudad.<\/strong><\/p>\n\n\n\n<p><strong>El homenaje se enmarca en la programaci\u00f3n elaborada con motivo del 8 de marzo.<\/strong><\/p>\n\n\n\n<p><br>El pasado 12 de marzo el Ayuntamiento de M\u00f3stoles celebr\u00f3 un acto de homenaje a trabajadoras municipales, enmarcado en la programaci\u00f3n elaborada con motivo del 8 de marzo, D\u00eda Internacional de la Mujer.<\/p>\n\n\n\n<figure class=\"wp-block-gallery has-nested-images columns-default is-cropped wp-block-gallery-1 is-layout-flex wp-block-gallery-is-layout-flex\">\n<figure class=\"wp-block-image size-large\"><img loading=\"lazy\" decoding=\"async\" width=\"1024\" height=\"683\" data-id=\"1713\" src=\"https:\/\/www.grupoarchiverosmm.es\/wp-content\/uploads\/2026\/03\/El-Ayuntamiento-de-Mostoles-homenajea-a-diez-trabajadoras-municipales-por-su-compromiso-con-la-ciudad-1-1024x683.jpg\" alt=\"\" class=\"wp-image-1713\" srcset=\"https:\/\/www.grupoarchiverosmm.es\/wp-content\/uploads\/2026\/03\/El-Ayuntamiento-de-Mostoles-homenajea-a-diez-trabajadoras-municipales-por-su-compromiso-con-la-ciudad-1-1024x683.jpg 1024w, https:\/\/www.grupoarchiverosmm.es\/wp-content\/uploads\/2026\/03\/El-Ayuntamiento-de-Mostoles-homenajea-a-diez-trabajadoras-municipales-por-su-compromiso-con-la-ciudad-1-300x200.jpg 300w, https:\/\/www.grupoarchiverosmm.es\/wp-content\/uploads\/2026\/03\/El-Ayuntamiento-de-Mostoles-homenajea-a-diez-trabajadoras-municipales-por-su-compromiso-con-la-ciudad-1-768x512.jpg 768w, https:\/\/www.grupoarchiverosmm.es\/wp-content\/uploads\/2026\/03\/El-Ayuntamiento-de-Mostoles-homenajea-a-diez-trabajadoras-municipales-por-su-compromiso-con-la-ciudad-1-1536x1024.jpg 1536w, https:\/\/www.grupoarchiverosmm.es\/wp-content\/uploads\/2026\/03\/El-Ayuntamiento-de-Mostoles-homenajea-a-diez-trabajadoras-municipales-por-su-compromiso-con-la-ciudad-1-2048x1366.jpg 2048w\" sizes=\"auto, (max-width: 1024px) 100vw, 1024px\" \/><\/figure>\n<\/figure>\n\n\n\n<p>En esta ocasi\u00f3n han sido homenajeadas Dolores Salso, del \u00e1rea de Deportes; M\u00f3nica Osuna, de la Oficina de Atenci\u00f3n al Contribuyente; Elena Sanz, del \u00e1rea de Personal; Raquel Mart\u00ednez, de la Unidad Canina de Polic\u00eda Municipal; Mar\u00eda Jes\u00fas Sard\u00f3n, de Estad\u00edstica y Registro; Mercedes C\u00e9sar, del \u00e1rea de Consumo; Ana Mar\u00eda Torres, del Archivo Municipal; Mar\u00eda del Carmen Reyes, del \u00c1rea de Gesti\u00f3n Administrativa de Polic\u00eda Municipal; Josefa Chamorro, de la Oficina de Atenci\u00f3n al Contribuyente; y Mar\u00eda del Mar G\u00f3mez, de la Concejal\u00eda de Deportes y Sanidad.<\/p>\n\n\n\n<p>\u00abEn este homenaje queremos destacar a diez mujeres que han dedicado su vida laboral a esta ciudad, demostrando su gran profesionalidad, empat\u00eda, compromiso, esfuerzo y dedicaci\u00f3n dando lo mejor de s\u00ed mismas a los dem\u00e1s, en pos del bien com\u00fan y contribuyendo a que M\u00f3stoles sea cada d\u00eda un municipio mejor\u00bb, ha recalcado el alcalde de M\u00f3stoles, Manuel Bautista, durante el acto.<\/p>\n\n\n\n<p>Al acto han asistido, adem\u00e1s del alcalde, el primer teniente de alcalde y concejal de Seguridad, Emergencias y Medio Ambiente, Gabriel Monteser\u00edn; el segundo teniente de alcalde y concejal de Hacienda Presidencia y Recursos Humanos, Alberto Rodr\u00edguez de Rivera; la tercer teniente de alcalde y concejal de Econom\u00eda Industria y Empleo, \u00c1ngeles Garc\u00eda; concejales del Gobierno municipal y miembros de la Corporaci\u00f3n Municipal.<\/p>\n\n\n<div class=\"wp-block-image\">\n<figure class=\"aligncenter size-large\"><img loading=\"lazy\" decoding=\"async\" width=\"400\" height=\"225\" src=\"https:\/\/www.grupoarchiverosmm.es\/wp-content\/uploads\/2026\/03\/destacada-homenajea-a-diez-trabajadoras-municipales-por-su-compromiso-con-la-ciudad-4.jpg\" alt=\"\" class=\"wp-image-1712\" srcset=\"https:\/\/www.grupoarchiverosmm.es\/wp-content\/uploads\/2026\/03\/destacada-homenajea-a-diez-trabajadoras-municipales-por-su-compromiso-con-la-ciudad-4.jpg 400w, https:\/\/www.grupoarchiverosmm.es\/wp-content\/uploads\/2026\/03\/destacada-homenajea-a-diez-trabajadoras-municipales-por-su-compromiso-con-la-ciudad-4-300x169.jpg 300w\" sizes=\"auto, (max-width: 400px) 100vw, 400px\" \/><\/figure><\/div>","protected":false},"excerpt":{"rendered":"<p>[Texto original] El Ayuntamiento de M\u00f3stoles homenajea a diez trabajadoras municipales por su compromiso con la ciudad Las trabajadoras municipales han sido homenajeadas por su dedicaci\u00f3n hacia la ciudad. El homenaje se enmarca en&#46;&#46;&#46;<\/p>\n","protected":false},"author":1,"featured_media":1713,"comment_status":"open","ping_status":"open","sticky":false,"template":"","format":"standard","meta":{"_bluesky_dont_syndicate":"","_bluesky_syndication_accounts":"","_bluesky_syndication_text":"","footnotes":""},"categories":[4,5,3],"tags":[17,28],"class_list":["post-1711","post","type-post","status-publish","format-standard","has-post-thumbnail","hentry","category-archivos","category-noticias","category-que-hacemos","tag-archivo","tag-difusion"],"_links":{"self":[{"href":"https:\/\/www.grupoarchiverosmm.es\/index.php?rest_route=\/wp\/v2\/posts\/1711","targetHints":{"allow":["GET"]}}],"collection":[{"href":"https:\/\/www.grupoarchiverosmm.es\/index.php?rest_route=\/wp\/v2\/posts"}],"about":[{"href":"https:\/\/www.grupoarchiverosmm.es\/index.php?rest_route=\/wp\/v2\/types\/post"}],"author":[{"embeddable":true,"href":"https:\/\/www.grupoarchiverosmm.es\/index.php?rest_route=\/wp\/v2\/users\/1"}],"replies":[{"embeddable":true,"href":"https:\/\/www.grupoarchiverosmm.es\/index.php?rest_route=%2Fwp%2Fv2%2Fcomments&post=1711"}],"version-history":[{"count":1,"href":"https:\/\/www.grupoarchiverosmm.es\/index.php?rest_route=\/wp\/v2\/posts\/1711\/revisions"}],"predecessor-version":[{"id":1714,"href":"https:\/\/www.grupoarchiverosmm.es\/index.php?rest_route=\/wp\/v2\/posts\/1711\/revisions\/1714"}],"wp:featuredmedia":[{"embeddable":true,"href":"https:\/\/www.grupoarchiverosmm.es\/index.php?rest_route=\/wp\/v2\/media\/1713"}],"wp:attachment":[{"href":"https:\/\/www.grupoarchiverosmm.es\/index.php?rest_route=%2Fwp%2Fv2%2Fmedia&parent=1711"}],"wp:term":[{"taxonomy":"category","embeddable":true,"href":"https:\/\/www.grupoarchiverosmm.es\/index.php?rest_route=%2Fwp%2Fv2%2Fcategories&post=1711"},{"taxonomy":"post_tag","embeddable":true,"href":"https:\/\/www.grupoarchiverosmm.es\/index.php?rest_route=%2Fwp%2Fv2%2Ftags&post=1711"}],"curies":[{"name":"wp","href":"https:\/\/api.w.org\/{rel}","templated":true}]}}