{"id":1319,"date":"2022-11-03T20:24:07","date_gmt":"2022-11-03T20:24:07","guid":{"rendered":"https:\/\/www.grupoarchiverosmm.es\/?p=1319"},"modified":"2022-11-03T21:02:03","modified_gmt":"2022-11-03T21:02:03","slug":"una-iniciativa-del-grupo-de-archiveros-municipales-de-madrid-gamm-llega-a-la-asamblea-de-la-comunidad-de-madrid","status":"publish","type":"post","link":"https:\/\/www.grupoarchiverosmm.es\/?p=1319","title":{"rendered":"Una iniciativa del Grupo de Archiveros Municipales de Madrid (GAMM) llega a la Asamblea de la Comunidad de Madrid"},"content":{"rendered":"\n<figure class=\"wp-block-image size-full\"><img loading=\"lazy\" decoding=\"async\" width=\"673\" height=\"534\" src=\"https:\/\/www.grupoarchiverosmm.es\/wp-content\/uploads\/2022\/11\/Mediateca-de-la-Asamblea-de-Madrid-Seneca-Sesion-de-la-Comision-de-Administracion-Local-y-Digitalizacion-2-de-Noviembre-de-202.jpg\" alt=\"Sesi\u00f3n de la Comisi\u00f3n de Administraci\u00f3n Local y Digitalizaci\u00f3n\" class=\"wp-image-1320\" srcset=\"https:\/\/www.grupoarchiverosmm.es\/wp-content\/uploads\/2022\/11\/Mediateca-de-la-Asamblea-de-Madrid-Seneca-Sesion-de-la-Comision-de-Administracion-Local-y-Digitalizacion-2-de-Noviembre-de-202.jpg 673w, https:\/\/www.grupoarchiverosmm.es\/wp-content\/uploads\/2022\/11\/Mediateca-de-la-Asamblea-de-Madrid-Seneca-Sesion-de-la-Comision-de-Administracion-Local-y-Digitalizacion-2-de-Noviembre-de-202-300x238.jpg 300w\" sizes=\"auto, (max-width: 673px) 100vw, 673px\" \/><figcaption><strong><a href=\"https:\/\/mediateca.asambleamadrid.es\/watch?id=ZWY1ZjhjNTEtYjU2OC00MWM3LWE3MDYtM2MxNzYxZTg4NDc1&amp;fbclid=IwAR3jZGgKBQbL8o5UKB4j08R9Oo7llAO-uSfCgLSMxOSrSK452uuGil_QU3E\" target=\"_blank\" rel=\"noreferrer noopener\">Enlace a la sesi\u00f3n<\/a><\/strong><\/figcaption><\/figure>\n\n\n\n<p class=\"has-text-align-left\">El d\u00eda 2 de noviembre de 2022, el Grupo de Archiveros Municipales de Madrid compareci\u00f3 ante la Comisi\u00f3n de la Administraci\u00f3n Local y Digitalizaci\u00f3n de la Asamblea de la Comunidad de Madrid. Hemos presentado una propuesta de Plan de Actuaci\u00f3n, solicitando una soluci\u00f3n compartida de Administraci\u00f3n Electr\u00f3nica para los municipios de la Comunidad de Madrid. Como responsables de la gesti\u00f3n documental municipal, quisimos poner de manifiesto los problemas de generaci\u00f3n y preservaci\u00f3n del documento y el expediente electr\u00f3nico, y la necesidad de que el ciudadano pueda ejercer sus derechos digitales y de acceso a documentaci\u00f3n fidedigna en cualquiera de los municipios de Madrid. La propuesta obtuvo toda la atenci\u00f3n de los grupos pol\u00edticos, con interesantes y valiosas aportaciones. <\/p>\n\n\n\n<figure class=\"wp-block-image size-full\"><img loading=\"lazy\" decoding=\"async\" width=\"670\" height=\"419\" src=\"https:\/\/www.grupoarchiverosmm.es\/wp-content\/uploads\/2022\/11\/Mediateca-de-la-Asamblea-de-Madrid-Seneca-Sesion-de-la-Comision-de-Administracion-Local-y-Digitalizacion-2-de-Noviembre-de-202_3.jpg\" alt=\"\" class=\"wp-image-1321\" srcset=\"https:\/\/www.grupoarchiverosmm.es\/wp-content\/uploads\/2022\/11\/Mediateca-de-la-Asamblea-de-Madrid-Seneca-Sesion-de-la-Comision-de-Administracion-Local-y-Digitalizacion-2-de-Noviembre-de-202_3.jpg 670w, https:\/\/www.grupoarchiverosmm.es\/wp-content\/uploads\/2022\/11\/Mediateca-de-la-Asamblea-de-Madrid-Seneca-Sesion-de-la-Comision-de-Administracion-Local-y-Digitalizacion-2-de-Noviembre-de-202_3-300x188.jpg 300w\" sizes=\"auto, (max-width: 670px) 100vw, 670px\" \/><\/figure>\n\n\n\n<p class=\"has-text-align-left\">Puso voz al #GAMM la archivera del El Molar, Cristina Cabornero, en una brillante intervenci\u00f3n. Para quien desee escuchar a nuestra compa\u00f1era y a los grupos pol\u00edticos intervinientes, compartiremos la grabaci\u00f3n. A partir del minuto 35-<\/p>\n\n\n\n<p class=\"has-text-align-left\"> \u00a1Esperamos que la propuesta no caiga en saco roto!<\/p>\n","protected":false},"excerpt":{"rendered":"<p>Sesi\u00f3n de la Comisi\u00f3n de Administraci\u00f3n Local y Digitalizaci\u00f3n<\/p>\n","protected":false},"author":1,"featured_media":1320,"comment_status":"closed","ping_status":"closed","sticky":true,"template":"","format":"standard","meta":{"_bluesky_dont_syndicate":"","_bluesky_syndication_accounts":"","_bluesky_syndication_text":"","footnotes":""},"categories":[5,3],"tags":[22,24,13,20,23],"class_list":["post-1319","post","type-post","status-publish","format-standard","has-post-thumbnail","hentry","category-noticias","category-que-hacemos","tag-administracion-electronica","tag-archivo-electronico-unico","tag-archivos-y-documentos","tag-ciberseguridad","tag-digitalizacion"],"_links":{"self":[{"href":"https:\/\/www.grupoarchiverosmm.es\/index.php?rest_route=\/wp\/v2\/posts\/1319","targetHints":{"allow":["GET"]}}],"collection":[{"href":"https:\/\/www.grupoarchiverosmm.es\/index.php?rest_route=\/wp\/v2\/posts"}],"about":[{"href":"https:\/\/www.grupoarchiverosmm.es\/index.php?rest_route=\/wp\/v2\/types\/post"}],"author":[{"embeddable":true,"href":"https:\/\/www.grupoarchiverosmm.es\/index.php?rest_route=\/wp\/v2\/users\/1"}],"replies":[{"embeddable":true,"href":"https:\/\/www.grupoarchiverosmm.es\/index.php?rest_route=%2Fwp%2Fv2%2Fcomments&post=1319"}],"version-history":[{"count":2,"href":"https:\/\/www.grupoarchiverosmm.es\/index.php?rest_route=\/wp\/v2\/posts\/1319\/revisions"}],"predecessor-version":[{"id":1324,"href":"https:\/\/www.grupoarchiverosmm.es\/index.php?rest_route=\/wp\/v2\/posts\/1319\/revisions\/1324"}],"wp:featuredmedia":[{"embeddable":true,"href":"https:\/\/www.grupoarchiverosmm.es\/index.php?rest_route=\/wp\/v2\/media\/1320"}],"wp:attachment":[{"href":"https:\/\/www.grupoarchiverosmm.es\/index.php?rest_route=%2Fwp%2Fv2%2Fmedia&parent=1319"}],"wp:term":[{"taxonomy":"category","embeddable":true,"href":"https:\/\/www.grupoarchiverosmm.es\/index.php?rest_route=%2Fwp%2Fv2%2Fcategories&post=1319"},{"taxonomy":"post_tag","embeddable":true,"href":"https:\/\/www.grupoarchiverosmm.es\/index.php?rest_route=%2Fwp%2Fv2%2Ftags&post=1319"}],"curies":[{"name":"wp","href":"https:\/\/api.w.org\/{rel}","templated":true}]}}