{"id":1310,"date":"2022-05-12T09:23:00","date_gmt":"2022-05-12T09:23:00","guid":{"rendered":"https:\/\/www.grupoarchiverosmm.es\/?p=1310"},"modified":"2022-06-12T09:27:14","modified_gmt":"2022-06-12T09:27:14","slug":"anabad-jornada-el-acceso-a-los-archivos-en-el-proyecto-de-ley-de-memoria-democratica","status":"publish","type":"post","link":"https:\/\/www.grupoarchiverosmm.es\/?p=1310","title":{"rendered":"ANABAD. Jornada \u00abEl acceso a los archivos en el proyecto de ley de Memoria Democr\u00e1tica\u00bb"},"content":{"rendered":"\n<p>Organizada por Anabad Federaci\u00f3n, Archiveros Espa\u00f1oles en la Funci\u00f3n P\u00fablica, Plataforma Comisi\u00f3n de la Verdad, Fundaci\u00f3n Francisco Largo Caballero y Fundaci\u00f3n Primero de Mayo. La Jornada se celebrar\u00e1 el d\u00eda 22 de junio de 2022, en la Sala Clara Campoamor del Congreso de los Diputados. Abierto el plazo de inscripci\u00f3n, en modalidad presencial y on line. El plazo de inscripci\u00f3n se cerrar\u00e1 el viernes 17 de junio de 2022.<\/p>\n\n\n\n<figure class=\"wp-block-image size-full\"><img loading=\"lazy\" decoding=\"async\" width=\"654\" height=\"228\" src=\"https:\/\/www.grupoarchiverosmm.es\/wp-content\/uploads\/2022\/06\/20-Grupo-de-Archiveros-Municipales-de-Madrid-Facebook-Google-Chrome_3.jpg\" alt=\"\" class=\"wp-image-1311\" srcset=\"https:\/\/www.grupoarchiverosmm.es\/wp-content\/uploads\/2022\/06\/20-Grupo-de-Archiveros-Municipales-de-Madrid-Facebook-Google-Chrome_3.jpg 654w, https:\/\/www.grupoarchiverosmm.es\/wp-content\/uploads\/2022\/06\/20-Grupo-de-Archiveros-Municipales-de-Madrid-Facebook-Google-Chrome_3-300x105.jpg 300w\" sizes=\"auto, (max-width: 654px) 100vw, 654px\" \/><figcaption><a href=\"https:\/\/www.anabad.org\/jornada-el-acceso-a-los-archivos-en-el-proyecto-de-ley-de-memoria-democratica\/?fbclid=IwAR1K5x_UPTWz1UahVuKI8fVch14oNrC-iC8DeyVZmuuNcoCf4ULw1FSE8kw\" target=\"_blank\" rel=\"noreferrer noopener\">&lt;&lt;Enlace a la noticia>><\/a><\/figcaption><\/figure>\n","protected":false},"excerpt":{"rendered":"<p>Organizada por Anabad Federaci\u00f3n, Archiveros Espa\u00f1oles en la Funci\u00f3n P\u00fablica, Plataforma Comisi\u00f3n de la Verdad, Fundaci\u00f3n Francisco Largo Caballero y Fundaci\u00f3n Primero de Mayo. La Jornada se celebrar\u00e1 el d\u00eda 22 de junio de&#46;&#46;&#46;<\/p>\n","protected":false},"author":1,"featured_media":1312,"comment_status":"closed","ping_status":"closed","sticky":false,"template":"","format":"standard","meta":{"_bluesky_dont_syndicate":"","_bluesky_syndication_accounts":"","_bluesky_syndication_text":"","footnotes":""},"categories":[4,5],"tags":[10,13],"class_list":["post-1310","post","type-post","status-publish","format-standard","has-post-thumbnail","hentry","category-archivos","category-noticias","tag-archivos","tag-archivos-y-documentos"],"_links":{"self":[{"href":"https:\/\/www.grupoarchiverosmm.es\/index.php?rest_route=\/wp\/v2\/posts\/1310","targetHints":{"allow":["GET"]}}],"collection":[{"href":"https:\/\/www.grupoarchiverosmm.es\/index.php?rest_route=\/wp\/v2\/posts"}],"about":[{"href":"https:\/\/www.grupoarchiverosmm.es\/index.php?rest_route=\/wp\/v2\/types\/post"}],"author":[{"embeddable":true,"href":"https:\/\/www.grupoarchiverosmm.es\/index.php?rest_route=\/wp\/v2\/users\/1"}],"replies":[{"embeddable":true,"href":"https:\/\/www.grupoarchiverosmm.es\/index.php?rest_route=%2Fwp%2Fv2%2Fcomments&post=1310"}],"version-history":[{"count":1,"href":"https:\/\/www.grupoarchiverosmm.es\/index.php?rest_route=\/wp\/v2\/posts\/1310\/revisions"}],"predecessor-version":[{"id":1313,"href":"https:\/\/www.grupoarchiverosmm.es\/index.php?rest_route=\/wp\/v2\/posts\/1310\/revisions\/1313"}],"wp:featuredmedia":[{"embeddable":true,"href":"https:\/\/www.grupoarchiverosmm.es\/index.php?rest_route=\/wp\/v2\/media\/1312"}],"wp:attachment":[{"href":"https:\/\/www.grupoarchiverosmm.es\/index.php?rest_route=%2Fwp%2Fv2%2Fmedia&parent=1310"}],"wp:term":[{"taxonomy":"category","embeddable":true,"href":"https:\/\/www.grupoarchiverosmm.es\/index.php?rest_route=%2Fwp%2Fv2%2Fcategories&post=1310"},{"taxonomy":"post_tag","embeddable":true,"href":"https:\/\/www.grupoarchiverosmm.es\/index.php?rest_route=%2Fwp%2Fv2%2Ftags&post=1310"}],"curies":[{"name":"wp","href":"https:\/\/api.w.org\/{rel}","templated":true}]}}