{"id":1291,"date":"2022-05-27T08:48:00","date_gmt":"2022-05-27T08:48:00","guid":{"rendered":"https:\/\/www.grupoarchiverosmm.es\/?p=1291"},"modified":"2022-06-12T08:49:41","modified_gmt":"2022-06-12T08:49:41","slug":"archivo-de-san-fernando-de-henares-2","status":"publish","type":"post","link":"https:\/\/www.grupoarchiverosmm.es\/?p=1291","title":{"rendered":"ARCHIVO DE SAN FERNANDO DE HENARES"},"content":{"rendered":"\n<p>La archivera Susana Torreguitart, que desempe\u00f1a su labor desde hace m\u00e1s de 30 a\u00f1os guardando la memoria de San Fernando de Henares, inaugura este viernes las Fiestas Patronales con un preg\u00f3n en el que resaltar\u00e1 la importancia de cuidar, guardar y difundir los documentos que ayudan a reconstruir y divulgar la historia de una ciudad, seg\u00fan ha adelantado en una entrevista con Europa Press.<\/p>\n\n\n\n<figure class=\"wp-block-image\"><img decoding=\"async\" src=\"blob:https:\/\/www.grupoarchiverosmm.es\/6d749208-be30-4d10-ac5f-9cc89dd8fdc3\" alt=\"\"\/><\/figure>\n","protected":false},"excerpt":{"rendered":"<p>La archivera Susana Torreguitart, que desempe\u00f1a su labor desde hace m\u00e1s de 30 a\u00f1os guardando la memoria de San Fernando de Henares, inaugura este viernes las Fiestas Patronales con un preg\u00f3n en el que&#46;&#46;&#46;<\/p>\n","protected":false},"author":1,"featured_media":1294,"comment_status":"closed","ping_status":"closed","sticky":false,"template":"","format":"standard","meta":{"_bluesky_dont_syndicate":"","_bluesky_syndication_accounts":"","_bluesky_syndication_text":"","footnotes":""},"categories":[4,3],"tags":[],"class_list":["post-1291","post","type-post","status-publish","format-standard","has-post-thumbnail","hentry","category-archivos","category-que-hacemos"],"_links":{"self":[{"href":"https:\/\/www.grupoarchiverosmm.es\/index.php?rest_route=\/wp\/v2\/posts\/1291","targetHints":{"allow":["GET"]}}],"collection":[{"href":"https:\/\/www.grupoarchiverosmm.es\/index.php?rest_route=\/wp\/v2\/posts"}],"about":[{"href":"https:\/\/www.grupoarchiverosmm.es\/index.php?rest_route=\/wp\/v2\/types\/post"}],"author":[{"embeddable":true,"href":"https:\/\/www.grupoarchiverosmm.es\/index.php?rest_route=\/wp\/v2\/users\/1"}],"replies":[{"embeddable":true,"href":"https:\/\/www.grupoarchiverosmm.es\/index.php?rest_route=%2Fwp%2Fv2%2Fcomments&post=1291"}],"version-history":[{"count":1,"href":"https:\/\/www.grupoarchiverosmm.es\/index.php?rest_route=\/wp\/v2\/posts\/1291\/revisions"}],"predecessor-version":[{"id":1296,"href":"https:\/\/www.grupoarchiverosmm.es\/index.php?rest_route=\/wp\/v2\/posts\/1291\/revisions\/1296"}],"wp:featuredmedia":[{"embeddable":true,"href":"https:\/\/www.grupoarchiverosmm.es\/index.php?rest_route=\/wp\/v2\/media\/1294"}],"wp:attachment":[{"href":"https:\/\/www.grupoarchiverosmm.es\/index.php?rest_route=%2Fwp%2Fv2%2Fmedia&parent=1291"}],"wp:term":[{"taxonomy":"category","embeddable":true,"href":"https:\/\/www.grupoarchiverosmm.es\/index.php?rest_route=%2Fwp%2Fv2%2Fcategories&post=1291"},{"taxonomy":"post_tag","embeddable":true,"href":"https:\/\/www.grupoarchiverosmm.es\/index.php?rest_route=%2Fwp%2Fv2%2Ftags&post=1291"}],"curies":[{"name":"wp","href":"https:\/\/api.w.org\/{rel}","templated":true}]}}